{"id":669,"date":"2022-10-14T16:55:58","date_gmt":"2022-10-14T14:55:58","guid":{"rendered":"https:\/\/naturoterrehappy.fr\/?p=669"},"modified":"2022-10-14T16:55:59","modified_gmt":"2022-10-14T14:55:59","slug":"le-souci-calendula","status":"publish","type":"post","link":"https:\/\/naturoterrehappy.fr\/index.php\/2022\/10\/14\/le-souci-calendula\/","title":{"rendered":"LE SOUCI CALENDULA"},"content":{"rendered":"<div id=\"wp-socials\" style=\"margin-top:20px;margin-bottom:0px;\"><div id=\"wp-socials-general-btn\"><div id=\"wp-socials-plusone\">\r\n                <!-- Place this tag in your head or just before your close body tag. -->\r\n                <script src=\"https:\/\/apis.google.com\/js\/platform.js\" async defer>\r\n                  {lang: 'fr'}\r\n                <\/script>\r\n\r\n                <!-- Place this tag where you want the share button to render. -->\r\n                <div class=\"g-plus\" data-action=\"share\" data-annotation=\"inline\" data-height=\"58\" data-size=\"small\" data-href=\"https:\/\/naturoterrehappy.fr\/index.php\/2022\/10\/14\/le-souci-calendula\/\"><\/div><\/div><\/div><div style=\"clear:both\"><\/div><\/div>\n<figure class=\"wp-block-image size-large\"><img loading=\"lazy\" decoding=\"async\" width=\"1024\" height=\"1024\" src=\"https:\/\/naturoterrehappy.fr\/wp-content\/uploads\/2022\/10\/le-calendula-1024x1024.png\" alt=\"\" class=\"wp-image-670\" srcset=\"https:\/\/naturoterrehappy.fr\/wp-content\/uploads\/2022\/10\/le-calendula-1024x1024.png 1024w, https:\/\/naturoterrehappy.fr\/wp-content\/uploads\/2022\/10\/le-calendula-300x300.png 300w, https:\/\/naturoterrehappy.fr\/wp-content\/uploads\/2022\/10\/le-calendula-150x150.png 150w, https:\/\/naturoterrehappy.fr\/wp-content\/uploads\/2022\/10\/le-calendula-768x768.png 768w, https:\/\/naturoterrehappy.fr\/wp-content\/uploads\/2022\/10\/le-calendula-1536x1536.png 1536w, https:\/\/naturoterrehappy.fr\/wp-content\/uploads\/2022\/10\/le-calendula-100x100.png 100w, https:\/\/naturoterrehappy.fr\/wp-content\/uploads\/2022\/10\/le-calendula.png 1654w\" sizes=\"(max-width: 767px) 89vw, (max-width: 1000px) 54vw, (max-width: 1071px) 543px, 580px\" \/><\/figure>\n\n\n\n<h1 class=\"has-text-align-center wp-block-heading\"><strong><span class=\"has-inline-color has-pale-pink-color\">Calendula officinalis des jardins &#8211; <\/span><\/strong><\/h1>\n\n\n\n<h1 class=\"has-text-align-center wp-block-heading\"><strong><span class=\"has-inline-color has-pale-pink-color\">Calendula arvensis le souci des champs<\/span><\/strong><\/h1>\n\n\n\n<p>Fait partie de la famille des&nbsp;<em>Asteraceae<\/em><\/p>\n\n\n\n<div class=\"wp-block-image\"><figure class=\"aligncenter size-full\"><img loading=\"lazy\" decoding=\"async\" width=\"333\" height=\"328\" src=\"https:\/\/naturoterrehappy.fr\/wp-content\/uploads\/2022\/09\/physique-chimie.png\" alt=\"\" class=\"wp-image-624\" srcset=\"https:\/\/naturoterrehappy.fr\/wp-content\/uploads\/2022\/09\/physique-chimie.png 333w, https:\/\/naturoterrehappy.fr\/wp-content\/uploads\/2022\/09\/physique-chimie-300x295.png 300w\" sizes=\"(max-width: 333px) 100vw, 333px\" \/><\/figure><\/div>\n\n\n\n<h2 class=\"wp-block-heading\"><span class=\"has-inline-color has-vivid-green-cyan-color\"><strong>Les compos\u00e9es du souci<\/strong>\u00a0:<\/span><\/h2>\n\n\n\n<ul><li><strong>Triterp\u00e8nes<\/strong> (particuli\u00e8rement abondants) : alpha et b\u00e9ta-amyrine, arnidiol, faradiol, ursadiol, etc. <strong>effets anti-inflammatoires, analg\u00e9siques, antipyr\u00e9tiques, h\u00e9patoprotecteurs, cardiotoniques, s\u00e9datifs et toniques<\/strong><\/li><li><strong>Flavono\u00efdes<\/strong> (0,3 \u00e0 1,5%) : querc\u00e9tine, isorhamn\u00e9tine, rutine, etc.<\/li><li><strong>Acides-ph\u00e9nols<\/strong><\/li><li><strong>Carot\u00e9no\u00efdes<\/strong> : lycop\u00e8ne en particulier mais aussi lut\u00e9ine, etc.<\/li><li><strong>Coumarines<\/strong><\/li><li><strong>Saponosides<\/strong> (entre 2 et 10% selon la vari\u00e9t\u00e9 et l&rsquo;\u00e9poque de r\u00e9colte)<\/li><li><strong>Polysaccharides<\/strong><\/li><li><strong>Huile essentielle<\/strong> en faible quantit\u00e9 (2 \u00e0 3 ml par kg)<\/li><\/ul>\n\n\n\n<h2 class=\"wp-block-heading\"><strong><span class=\"has-inline-color has-vivid-green-cyan-color\">D<\/span><\/strong><span class=\"has-inline-color has-vivid-green-cyan-color\"><strong>u point de vue Energ\u00e9tique :<\/strong><\/span><\/h2>\n\n\n\n<p>Le souci est une plante r\u00e9chauffant, et ass\u00e9chante R\u00e9chauffant<\/p>\n\n\n\n<h2 class=\"wp-block-heading\"><strong><span class=\"has-inline-color has-vivid-green-cyan-color\">Utilisation\u00a0du\u00a0souci<\/span><\/strong><\/h2>\n\n\n\n<!--more-->\n\n\n\n<p>Pae les pr\u00e9sences de ces compos\u00e9es, le souci est un vrai couteau suisse \u00e0 avoir avec soi ou proche de soi dans la nature mais aussi au quotidien genre dans son sac \u00e0 main.<\/p>\n\n\n\n<p>En effet, le calendula assure trois fonctions\u00a0:<\/p>\n\n\n\n<ul><li>Il <strong>d\u00e9sinfecte<\/strong>, son action est \u00e0 la fois <strong>antibact\u00e9rienne<\/strong> et <strong>antifongique<\/strong><\/li><\/ul>\n\n\n\n<ul><li>Il <strong>calme l&rsquo;inflammation<\/strong><\/li><\/ul>\n\n\n\n<p>Dans les cas de plaie, le souci est particuli\u00e8rement indiqu\u00e9 lorsqu&rsquo;il y a inflammation purulente, la plante va emp\u00eacher l&rsquo;infection et l&rsquo;inflammation de s&rsquo;\u00e9tendre et va diminuer la douleur. Elle va aussi stimuler l&rsquo;\u00e9vacuation des d\u00e9chets infectieux au travers du syst\u00e8me lymphatique.<\/p>\n\n\n\n<p>Pour rappel, lorsque l\u2019on combat une infection, les ganglions lymphatiques peuvent \u00eatre&nbsp;enfl\u00e9s, cela indique que notre syst\u00e8me immunitaire combat une substance, une mol\u00e9cule \u00e9trang\u00e8re. Ils peuvent devenir gros et douloureux. Et c\u2019est dans ce contexte que le souci peut aider \u00e0 faire circuler les choses, \u00e0 faciliter l\u2019\u00e9vacuation.<\/p>\n\n\n\n<p>La circulation lymphatique est aussi&nbsp;essentielle pour aider une plaie \u00e0 se r\u00e9soudre. En effet, le syst\u00e8me immunitaire qui est responsable de la fonction de nettoyage a besoin d&rsquo;\u00e9vacuer les d\u00e9chets au travers du syst\u00e8me lymphatique. Le souci assure qu&rsquo;il n&rsquo;y a pas de bouchons sur cette autoroute secondaire (la primaire \u00e9tant la circulation sanguine).<\/p>\n\n\n\n<ul><li>I<strong>l stimule la r\u00e9g\u00e9n\u00e9ration cellulaire.<\/strong><\/li><\/ul>\n\n\n\n<p>C\u2019est un excellent r\u00e9g\u00e9n\u00e9rateur de peau et de muqueuses. Alors que de nombreuses m\u00e9dicinales se contentent de d\u00e9sinfecter, le souci permet \u00e0 notre corps de fabriquer plus de tissus de meilleure qualit\u00e9 afin de reconstituer la zone endommag\u00e9e. Il permet aux fibroblastes (les cellules principales des tissus conjonctifs) de fabriquer du collag\u00e8ne et des prot\u00e9ines de construction d&rsquo;une mani\u00e8re plus rapide. Une \u00e9tude d\u00e9montre qu&rsquo;une cr\u00e8me au souci augmente non seulement la concentration de collag\u00e8ne et d&rsquo;autres prot\u00e9ines constitutionnelles dans un tendon d&rsquo;Achille endommag\u00e9, mais aussi l&rsquo;organisation du collag\u00e8ne. Gr\u00e2ce au souci, les tissus sont mieux structur\u00e9s pendant la phase de r\u00e9paration.<\/p>\n\n\n\n<p>Dans les cas de probl\u00e8mes chroniques de type ecz\u00e9ma&nbsp;ou psoriasis, le souci est efficace mais il doit \u00eatre utilis\u00e9 sur le long terme, tous les jours en application externe, et en association \u00e0 d&rsquo;autres mesures en interne pour aller \u00e0 la source du probl\u00e8me.<\/p>\n\n\n\n<blockquote class=\"wp-block-quote\"><p><em>A l&rsquo;ext\u00e9rieur, elle fournit un excellent topique pour le pansement des plaies, des engelures ulc\u00e9r\u00e9es, des br\u00fblures dont elle h\u00e2te la cicatrisation.<\/em><br>Dr. Henry Leclerc<\/p><\/blockquote>\n\n\n\n<div class=\"wp-block-image\"><figure class=\"aligncenter size-large is-resized\"><img loading=\"lazy\" decoding=\"async\" src=\"https:\/\/naturoterrehappy.fr\/wp-content\/uploads\/2022\/10\/le-calendula-propriete-1024x1024.png\" alt=\"\" class=\"wp-image-671\" width=\"428\" height=\"428\" srcset=\"https:\/\/naturoterrehappy.fr\/wp-content\/uploads\/2022\/10\/le-calendula-propriete-1024x1024.png 1024w, https:\/\/naturoterrehappy.fr\/wp-content\/uploads\/2022\/10\/le-calendula-propriete-300x300.png 300w, https:\/\/naturoterrehappy.fr\/wp-content\/uploads\/2022\/10\/le-calendula-propriete-150x150.png 150w, https:\/\/naturoterrehappy.fr\/wp-content\/uploads\/2022\/10\/le-calendula-propriete-768x768.png 768w, https:\/\/naturoterrehappy.fr\/wp-content\/uploads\/2022\/10\/le-calendula-propriete-1536x1536.png 1536w, https:\/\/naturoterrehappy.fr\/wp-content\/uploads\/2022\/10\/le-calendula-propriete-100x100.png 100w, https:\/\/naturoterrehappy.fr\/wp-content\/uploads\/2022\/10\/le-calendula-propriete.png 1654w\" sizes=\"(max-width: 428px) 100vw, 428px\" \/><figcaption>source canvas pixabay<\/figcaption><\/figure><\/div>\n\n\n\n<h2 class=\"wp-block-heading\"><strong><span class=\"has-inline-color has-vivid-green-cyan-color\">Ces propri\u00e9t\u00e9s<\/span><\/strong><\/h2>\n\n\n\n<p><span class=\"has-inline-color has-pale-pink-color\"><strong>R\u00e9g\u00e9n\u00e9rateur des\u00a0muqueuses<\/strong><\/span><\/p>\n\n\n\n<p>Ce que le souci fait sur la peau, \u00e0 l&rsquo;ext\u00e9rieur du corps, il le fait aussi sur les muqueuses, \u00e0 l&rsquo;int\u00e9rieur du corps. Pensez au souci pour tout probl\u00e8me de muqueuse abim\u00e9e et ulc\u00e9r\u00e9e :<\/p>\n\n\n\n<ul><li>Syst\u00e8me digestif et respiratoire :<ul><li>Aphte<\/li><\/ul><ul><li>Gingivite, aphtes<\/li><\/ul><ul><li>Pharyngite<\/li><\/ul><ul><li>Angine<\/li><\/ul><ul><li>Oesophagite<\/li><\/ul><ul><li>Ulc\u00e8re gastrique ou duod\u00e9nal<\/li><\/ul><ul><li>Colite<\/li><\/ul><\/li><\/ul>\n\n\n\n<p>Car le souci va aussi sur ces muqueuses internes va d\u00e9sinfecter la zone, calmer l&rsquo;inflammation et stimuler la r\u00e9g\u00e9n\u00e9ration cellulaire. C\u2019est son action 3 en 1 qui fait toute son efficacit\u00e9. On va utiliser une teinture dilu\u00e9e pour tous ces cas, sauf pour les aphtes o\u00f9 l&rsquo;on peut directement tamponner la teinture pure \u00e0 l&rsquo;aide d&rsquo;un coton tige.<\/p>\n\n\n\n<p><strong><span class=\"has-inline-color has-pale-pink-color\">Varices et retour veineux<\/span><\/strong><\/p>\n\n\n\n<p>Le souci, au travers de ses flavono\u00efdes, assure une protection du tissu des veines. De plus, la pr\u00e9sence de coumarines (utiliser dans les anticoagulants mais aussi substantes odorantes comme la cannelle ) &nbsp;permet&nbsp;une meilleure circulation.&nbsp;&nbsp;Le souci est particuli\u00e8rement indiqu\u00e9 lorsqu&rsquo;il y a pr\u00e9sence de varices visibles ou de varicosit\u00e9s, appliqu\u00e9 sous forme d&rsquo;onguent.<\/p>\n\n\n\n<p><strong>E<span class=\"has-inline-color has-pale-pink-color\">mm\u00e9nagogue<\/span><\/strong><\/p>\n\n\n\n<p>Le souci&nbsp;stimule le flux sanguin vers&nbsp;l&rsquo;ut\u00e9rus afin de lui redonner sa fonction. On retrouve cette indication chez Lecler, des m\u00e9decins pouvant se vanter d&rsquo;une longue exp\u00e9rience de terrain.<\/p>\n\n\n\n<p>Cette action permet de r\u00e9tablir les r\u00e8gles lorsqu&rsquo;elles ont \u00e9t\u00e9 supprim\u00e9es.<\/p>\n\n\n\n<p><strong><span class=\"has-inline-color has-pale-pink-color\">Diaphor\u00e9tique<\/span><\/strong><\/p>\n\n\n\n<p>Le souci stimule l&rsquo;ouverture des pores de la peau. Il facilite donc les \u00e9changes de chaleur pendant les fi\u00e8vres, le m\u00e9canisme de transpiration \u00e9tant essentiel pour garder la temp\u00e9rature interne sous contr\u00f4le.<\/p>\n\n\n\n<p>Pr\u00e9cautions et contrindications<\/p>\n\n\n\n<p>Il peut y avoir&nbsp;une r\u00e9action allergique chez la personne allergique aux ast\u00e9rac\u00e9es. Ceci est rare. A part ceci, aucune pr\u00e9caution particuli\u00e8re connue. En ce qui concerne la coumarine aucune indication trouv\u00e9 dans la litt\u00e9rature scientifique.<\/p>\n\n\n\n<hr class=\"wp-block-separator\"\/>\n\n\n\n<div class=\"wp-block-image\"><figure class=\"aligncenter size-large is-resized\"><img loading=\"lazy\" decoding=\"async\" src=\"https:\/\/naturoterrehappy.fr\/wp-content\/uploads\/2022\/10\/alchimie-preparation-1024x1024.png\" alt=\"\" class=\"wp-image-672\" width=\"383\" height=\"383\" srcset=\"https:\/\/naturoterrehappy.fr\/wp-content\/uploads\/2022\/10\/alchimie-preparation-1024x1024.png 1024w, https:\/\/naturoterrehappy.fr\/wp-content\/uploads\/2022\/10\/alchimie-preparation-300x300.png 300w, https:\/\/naturoterrehappy.fr\/wp-content\/uploads\/2022\/10\/alchimie-preparation-150x150.png 150w, https:\/\/naturoterrehappy.fr\/wp-content\/uploads\/2022\/10\/alchimie-preparation-768x768.png 768w, https:\/\/naturoterrehappy.fr\/wp-content\/uploads\/2022\/10\/alchimie-preparation-1536x1536.png 1536w, https:\/\/naturoterrehappy.fr\/wp-content\/uploads\/2022\/10\/alchimie-preparation-100x100.png 100w, https:\/\/naturoterrehappy.fr\/wp-content\/uploads\/2022\/10\/alchimie-preparation.png 1654w\" sizes=\"(max-width: 383px) 100vw, 383px\" \/><figcaption>source canvas pixabay<\/figcaption><\/figure><\/div>\n\n\n\n<h2 class=\"wp-block-heading\"><strong><span class=\"has-inline-color has-vivid-green-cyan-color\">Pr\u00e9paration\u00a0du\u00a0souci<\/span><\/strong><\/h2>\n\n\n\n<p><strong><span class=\"has-inline-color has-pale-pink-color\">Parties utilis\u00e9es<\/span><\/strong><\/p>\n\n\n\n<p>Afin de pleinement b\u00e9n\u00e9ficier des propri\u00e9t\u00e9s du souci, cueillez les capitules entiers, r\u00e9ceptacle vert et s\u00e9pales inclus, car il est riche en terp\u00e8nes qui sont responsable d&rsquo;une grande partie des propri\u00e9t\u00e9s du souci.<\/p>\n\n\n\n<p>Coupez le capitule&nbsp;entier et faites s\u00e9cher \u00e0 plat sur une grille dans un endroit ombrag\u00e9 et bien ventil\u00e9. Le s\u00e9chage est relativement long ce qui est normal, la fleur est grosse et \u00e9paisse. Ecrasez le coeur de plusieurs fleurs&nbsp;afin de vous assurer qu&rsquo;il soit bien sec. En effet, tr\u00e8s souvent, le coeur reste humide, ce qui peut entrainer une pourriture de la fleur lorsque vous la passez en stockage.<\/p>\n\n\n\n<p>Gardez vos fleurs de souci dans des sacs en papier ou s&rsquo;ils sont bien s\u00e9ch\u00e9s dans un bocal. Notez que l&rsquo;exposition \u00e0 la lumi\u00e8re leur feront perdre leur belle couleur orang\u00e9e (destruction des carot\u00e9no\u00efdes et donc perte d&rsquo;une partie des propri\u00e9t\u00e9s).<\/p>\n\n\n\n<p><strong><span class=\"has-inline-color has-pale-pink-color\">Formes utilis\u00e9es<\/span><\/strong><\/p>\n\n\n\n<p><strong>Teinture<\/strong><\/p>\n\n\n\n<p>Teinture des fleurs fra\u00eeches au taux de\u00a01:2 avec de l\u2019alcool \u00e0 90\u00b0 (la meilleure pr\u00e9paration).<\/p>\n\n\n\n<p>Teinture des fleurs s\u00e8ches\u00a0au 1:5, alcool \u00e0 65\u00b0 (taux d\u2019alcool \u00e9lev\u00e9 car pr\u00e9sence\u00a0de terp\u00e8nes).<\/p>\n\n\n\n<ul><li>5 \u00e0 30 gouttes jusqu&rsquo;\u00e0 4 fois par jour dans un peu d&rsquo;eau (ref : Moore)<\/li><li>30 gouttes 3 fois par jour dans un peu d&rsquo;eau (ref : Corjon)<\/li><li>1 \u00e0 4 ml 3 fois par jour (ref : Hoffmann)<\/li><li>2 \u00e0 4 g par jour (ref : Valnet)<\/li><\/ul>\n\n\n\n<p><strong>infusion<\/strong><\/p>\n\n\n\n<p>Possible mais d\u00e9conseill\u00e9e car certains composants ne sont pas solubles dans l&rsquo;eau. Ce n&rsquo;est pas une pr\u00e9paration optimale.<\/p>\n\n\n\n<ul><li>1 cuill\u00e8re \u00e0 dessert dans une tasse d&rsquo;eau bouillante. Infuser 10 minutes. Une tasse avant les repas. D\u00e9coction 30 g par litre (feuilles et fleurs). Ref : Valnet.<\/li><li>5 g de fleurs par tasse (sudorifique). Ref : Fournier.<\/li><li>1 cuill\u00e8re \u00e0 dessert dans une tasse d&rsquo;eau bouillante. Infuser 10 minutes. Une tasse avant les repas. D\u00e9coction 30 g par litre (feuilles et fleurs). Ref : Valnet.<\/li><li>5 g de fleurs par tasse (sudorifique). Ref : Fournier.<\/li><li>1 \u00e0 2 g de fleurs par tasse (d\u00e9puratif et laxatif).&nbsp;Ref : Fournier.<\/li><li>20 g par litre \u00e0 la dose d&rsquo;un litre par jour (diur\u00e9tique).&nbsp;Ref : Fournier.<\/li><\/ul>\n\n\n\n<p><strong> mac\u00e9rat huileux<\/strong><\/p>\n\n\n\n<ul><li>L&rsquo;une des meilleures pr\u00e9parations que je connaisse, tellement polyvalente, essentielle dans la pharmacie familiale. A partir du mac\u00e9rat, vous pouvez fabriquer un onguent ou une cr\u00e8me<\/li><\/ul>\n\n\n\n<ul><li>Fournier donne la recette de pommade suivante :<\/li><\/ul>\n\n\n\n<p>4 \u00e0 6 g de suc frais (\u00e0 l&rsquo;extracteur de jus) m\u00eal\u00e9 \u00e0 du beurre (600 g) ou de la graisse.<\/p>\n\n\n\n<p><strong>cataplasme<\/strong><\/p>\n\n\n\n<p>De la fleur fra\u00eeche \u00e9cras\u00e9e au pilon ou de la fleur s\u00e8che imbib\u00e9e avec un peu d&rsquo;eau chaude.<\/p>\n\n\n\n<p>Appliqu\u00e9 au besoin, application renouvel\u00e9e 2 ou 3 fois par jour si n\u00e9cessaire.<\/p>\n\n\n\n<hr class=\"wp-block-separator\"\/>\n\n\n\n<p><em>Source Althea Provence<\/em><\/p>\n\n\n\n<p><em>Guide de terre vivante rem\u00e8des \u00e0 faire soi m\u00eame<\/em><\/p>\n\n\n\n<p><em>Jean Valnet la phytoth\u00e9rapie<\/em>, les plantes qui soignent<\/p>\n\n\n\n<p><\/p>\n\n\n\n<p>Prenez soins de vous et de la nature<\/p>\n\n\n\n<p>Virginie<\/p>\n\n\n\n<figure class=\"wp-block-gallery columns-1 is-cropped wp-block-gallery-1 is-layout-flex wp-block-gallery-is-layout-flex\"><ul class=\"blocks-gallery-grid\"><li class=\"blocks-gallery-item\"><figure><img loading=\"lazy\" decoding=\"async\" width=\"1024\" height=\"1024\" src=\"https:\/\/naturoterrehappy.fr\/wp-content\/uploads\/2022\/10\/le-calendula-2-1024x1024.png\" alt=\"\" data-id=\"675\" data-full-url=\"https:\/\/naturoterrehappy.fr\/wp-content\/uploads\/2022\/10\/le-calendula-2.png\" data-link=\"https:\/\/naturoterrehappy.fr\/?attachment_id=675\" class=\"wp-image-675\" srcset=\"https:\/\/naturoterrehappy.fr\/wp-content\/uploads\/2022\/10\/le-calendula-2-1024x1024.png 1024w, https:\/\/naturoterrehappy.fr\/wp-content\/uploads\/2022\/10\/le-calendula-2-300x300.png 300w, https:\/\/naturoterrehappy.fr\/wp-content\/uploads\/2022\/10\/le-calendula-2-150x150.png 150w, https:\/\/naturoterrehappy.fr\/wp-content\/uploads\/2022\/10\/le-calendula-2-768x768.png 768w, https:\/\/naturoterrehappy.fr\/wp-content\/uploads\/2022\/10\/le-calendula-2-1536x1536.png 1536w, https:\/\/naturoterrehappy.fr\/wp-content\/uploads\/2022\/10\/le-calendula-2-100x100.png 100w, https:\/\/naturoterrehappy.fr\/wp-content\/uploads\/2022\/10\/le-calendula-2.png 1654w\" sizes=\"(max-width: 767px) 89vw, (max-width: 1000px) 54vw, (max-width: 1071px) 543px, 580px\" \/><\/figure><\/li><\/ul><\/figure>\n","protected":false},"excerpt":{"rendered":"<div id=\"wp-socials\" style=\"margin-top:20px;margin-bottom:0px;\"><div id=\"wp-socials-general-btn\"><div id=\"wp-socials-plusone\">\r\n                <!-- Place this tag in your head or just before your close body tag. -->\r\n                <script src=\"https:\/\/apis.google.com\/js\/platform.js\" async defer>\r\n                  {lang: 'fr'}\r\n                <\/script>\r\n\r\n                <!-- Place this tag where you want the share button to render. -->\r\n                <div class=\"g-plus\" data-action=\"share\" data-annotation=\"inline\" data-height=\"58\" data-size=\"small\" data-href=\"https:\/\/naturoterrehappy.fr\/index.php\/2022\/10\/14\/le-souci-calendula\/\"><\/div><\/div><\/div><div style=\"clear:both\"><\/div><\/div><p>Calendula officinalis des jardins &#8211; Calendula arvensis le souci des champs Fait partie de la famille des&nbsp;Asteraceae Les compos\u00e9es du souci\u00a0: Triterp\u00e8nes (particuli\u00e8rement abondants) : alpha et b\u00e9ta-amyrine, arnidiol, faradiol, ursadiol, etc. effets anti-inflammatoires, analg\u00e9siques, antipyr\u00e9tiques, h\u00e9patoprotecteurs, cardiotoniques, s\u00e9datifs et toniques Flavono\u00efdes (0,3 \u00e0 1,5%) : querc\u00e9tine, isorhamn\u00e9tine, rutine, etc. Acides-ph\u00e9nols Carot\u00e9no\u00efdes : lycop\u00e8ne en &hellip; <\/p>\n<p class=\"link-more\"><a href=\"https:\/\/naturoterrehappy.fr\/index.php\/2022\/10\/14\/le-souci-calendula\/\" class=\"more-link\">Continuer la lecture<span class=\"screen-reader-text\"> de &laquo;&nbsp;LE SOUCI CALENDULA&nbsp;&raquo;<\/span><\/a><\/p>\n","protected":false},"author":1,"featured_media":0,"comment_status":"open","ping_status":"open","sticky":false,"template":"","format":"gallery","meta":{"footnotes":""},"categories":[1],"tags":[],"yoast_head":"<!-- This site is optimized with the Yoast SEO plugin v19.13 - https:\/\/yoast.com\/wordpress\/plugins\/seo\/ -->\n<title>LE SOUCI CALENDULA - Naturo Terre Happy<\/title>\n<meta name=\"robots\" content=\"index, follow, max-snippet:-1, max-image-preview:large, max-video-preview:-1\" \/>\n<link rel=\"canonical\" href=\"https:\/\/naturoterrehappy.fr\/index.php\/2022\/10\/14\/le-souci-calendula\/\" \/>\n<meta property=\"og:locale\" content=\"fr_FR\" \/>\n<meta property=\"og:type\" content=\"article\" \/>\n<meta property=\"og:title\" content=\"LE SOUCI CALENDULA - Naturo Terre Happy\" \/>\n<meta property=\"og:description\" content=\"Calendula officinalis des jardins &#8211; Calendula arvensis le souci des champs Fait partie de la famille des&nbsp;Asteraceae Les compos\u00e9es du souci\u00a0: Triterp\u00e8nes (particuli\u00e8rement abondants) : alpha et b\u00e9ta-amyrine, arnidiol, faradiol, ursadiol, etc. effets anti-inflammatoires, analg\u00e9siques, antipyr\u00e9tiques, h\u00e9patoprotecteurs, cardiotoniques, s\u00e9datifs et toniques Flavono\u00efdes (0,3 \u00e0 1,5%) : querc\u00e9tine, isorhamn\u00e9tine, rutine, etc. Acides-ph\u00e9nols Carot\u00e9no\u00efdes : lycop\u00e8ne en &hellip; Continuer la lecture de &laquo;&nbsp;LE SOUCI CALENDULA&nbsp;&raquo;\" \/>\n<meta property=\"og:url\" content=\"https:\/\/naturoterrehappy.fr\/index.php\/2022\/10\/14\/le-souci-calendula\/\" \/>\n<meta property=\"og:site_name\" content=\"Naturo Terre Happy\" \/>\n<meta property=\"article:publisher\" content=\"https:\/\/www.facebook.com\/virginie.verel\" \/>\n<meta property=\"article:author\" content=\"https:\/\/www.facebook.com\/virginie.verel\" \/>\n<meta property=\"article:published_time\" content=\"2022-10-14T14:55:58+00:00\" \/>\n<meta property=\"article:modified_time\" content=\"2022-10-14T14:55:59+00:00\" \/>\n<meta property=\"og:image\" content=\"https:\/\/naturoterrehappy.fr\/wp-content\/uploads\/2022\/10\/le-calendula-1024x1024.png\" \/>\n<meta name=\"author\" content=\"admin8212\" \/>\n<meta name=\"twitter:card\" content=\"summary_large_image\" \/>\n<meta name=\"twitter:label1\" content=\"\u00c9crit par\" \/>\n\t<meta name=\"twitter:data1\" content=\"admin8212\" \/>\n\t<meta name=\"twitter:label2\" content=\"Dur\u00e9e de lecture estim\u00e9e\" \/>\n\t<meta name=\"twitter:data2\" content=\"7 minutes\" \/>\n<script type=\"application\/ld+json\" class=\"yoast-schema-graph\">{\"@context\":\"https:\/\/schema.org\",\"@graph\":[{\"@type\":\"Article\",\"@id\":\"https:\/\/naturoterrehappy.fr\/index.php\/2022\/10\/14\/le-souci-calendula\/#article\",\"isPartOf\":{\"@id\":\"https:\/\/naturoterrehappy.fr\/index.php\/2022\/10\/14\/le-souci-calendula\/\"},\"author\":{\"name\":\"admin8212\",\"@id\":\"https:\/\/naturoterrehappy.fr\/#\/schema\/person\/8bf7540304db646eac9c6271483f14f5\"},\"headline\":\"LE SOUCI CALENDULA\",\"datePublished\":\"2022-10-14T14:55:58+00:00\",\"dateModified\":\"2022-10-14T14:55:59+00:00\",\"mainEntityOfPage\":{\"@id\":\"https:\/\/naturoterrehappy.fr\/index.php\/2022\/10\/14\/le-souci-calendula\/\"},\"wordCount\":1356,\"commentCount\":0,\"publisher\":{\"@id\":\"https:\/\/naturoterrehappy.fr\/#\/schema\/person\/8bf7540304db646eac9c6271483f14f5\"},\"inLanguage\":\"fr-FR\",\"potentialAction\":[{\"@type\":\"CommentAction\",\"name\":\"Comment\",\"target\":[\"https:\/\/naturoterrehappy.fr\/index.php\/2022\/10\/14\/le-souci-calendula\/#respond\"]}]},{\"@type\":\"WebPage\",\"@id\":\"https:\/\/naturoterrehappy.fr\/index.php\/2022\/10\/14\/le-souci-calendula\/\",\"url\":\"https:\/\/naturoterrehappy.fr\/index.php\/2022\/10\/14\/le-souci-calendula\/\",\"name\":\"LE SOUCI CALENDULA - Naturo Terre Happy\",\"isPartOf\":{\"@id\":\"https:\/\/naturoterrehappy.fr\/#website\"},\"datePublished\":\"2022-10-14T14:55:58+00:00\",\"dateModified\":\"2022-10-14T14:55:59+00:00\",\"breadcrumb\":{\"@id\":\"https:\/\/naturoterrehappy.fr\/index.php\/2022\/10\/14\/le-souci-calendula\/#breadcrumb\"},\"inLanguage\":\"fr-FR\",\"potentialAction\":[{\"@type\":\"ReadAction\",\"target\":[\"https:\/\/naturoterrehappy.fr\/index.php\/2022\/10\/14\/le-souci-calendula\/\"]}]},{\"@type\":\"BreadcrumbList\",\"@id\":\"https:\/\/naturoterrehappy.fr\/index.php\/2022\/10\/14\/le-souci-calendula\/#breadcrumb\",\"itemListElement\":[{\"@type\":\"ListItem\",\"position\":1,\"name\":\"Accueil\",\"item\":\"https:\/\/naturoterrehappy.fr\/\"},{\"@type\":\"ListItem\",\"position\":2,\"name\":\"LE SOUCI CALENDULA\"}]},{\"@type\":\"WebSite\",\"@id\":\"https:\/\/naturoterrehappy.fr\/#website\",\"url\":\"https:\/\/naturoterrehappy.fr\/\",\"name\":\"Naturo Terre Happy\",\"description\":\"Les cl\u00e9s de la sant\u00e9:  Respecter sa Nature profonde, Respecter la Nature gu\u00e9risseuse, Respecter le vivant et ces lois\",\"publisher\":{\"@id\":\"https:\/\/naturoterrehappy.fr\/#\/schema\/person\/8bf7540304db646eac9c6271483f14f5\"},\"potentialAction\":[{\"@type\":\"SearchAction\",\"target\":{\"@type\":\"EntryPoint\",\"urlTemplate\":\"https:\/\/naturoterrehappy.fr\/?s={search_term_string}\"},\"query-input\":\"required name=search_term_string\"}],\"inLanguage\":\"fr-FR\"},{\"@type\":[\"Person\",\"Organization\"],\"@id\":\"https:\/\/naturoterrehappy.fr\/#\/schema\/person\/8bf7540304db646eac9c6271483f14f5\",\"name\":\"admin8212\",\"image\":{\"@type\":\"ImageObject\",\"inLanguage\":\"fr-FR\",\"@id\":\"https:\/\/naturoterrehappy.fr\/#\/schema\/person\/image\/\",\"url\":\"https:\/\/secure.gravatar.com\/avatar\/8ea9e5229c1252336ff46e6df56d34ff?s=96&d=mm&r=g\",\"contentUrl\":\"https:\/\/secure.gravatar.com\/avatar\/8ea9e5229c1252336ff46e6df56d34ff?s=96&d=mm&r=g\",\"caption\":\"admin8212\"},\"logo\":{\"@id\":\"https:\/\/naturoterrehappy.fr\/#\/schema\/person\/image\/\"},\"sameAs\":[\"http:\/\/naturoterrehappy.fr\",\"https:\/\/www.facebook.com\/virginie.verel\",\"https:\/\/www.instagram.com\/virginieverel.naturoterrehappy\/\",\"https:\/\/www.linkedin.com\/in\/virginie-verel-a68254211\/\",\"https:\/\/www.pinterest.fr\/Naturoterrehappy\/\",\"https:\/\/www.youtube.com\/channel\/UC322SLWURYVRVehV1hT8ubw\"],\"url\":\"https:\/\/naturoterrehappy.fr\/index.php\/author\/admin8212\/\"}]}<\/script>\n<!-- \/ Yoast SEO plugin. -->","yoast_head_json":{"title":"LE SOUCI CALENDULA - Naturo Terre Happy","robots":{"index":"index","follow":"follow","max-snippet":"max-snippet:-1","max-image-preview":"max-image-preview:large","max-video-preview":"max-video-preview:-1"},"canonical":"https:\/\/naturoterrehappy.fr\/index.php\/2022\/10\/14\/le-souci-calendula\/","og_locale":"fr_FR","og_type":"article","og_title":"LE SOUCI CALENDULA - Naturo Terre Happy","og_description":"Calendula officinalis des jardins &#8211; Calendula arvensis le souci des champs Fait partie de la famille des&nbsp;Asteraceae Les compos\u00e9es du souci\u00a0: Triterp\u00e8nes (particuli\u00e8rement abondants) : alpha et b\u00e9ta-amyrine, arnidiol, faradiol, ursadiol, etc. effets anti-inflammatoires, analg\u00e9siques, antipyr\u00e9tiques, h\u00e9patoprotecteurs, cardiotoniques, s\u00e9datifs et toniques Flavono\u00efdes (0,3 \u00e0 1,5%) : querc\u00e9tine, isorhamn\u00e9tine, rutine, etc. Acides-ph\u00e9nols Carot\u00e9no\u00efdes : lycop\u00e8ne en &hellip; Continuer la lecture de &laquo;&nbsp;LE SOUCI CALENDULA&nbsp;&raquo;","og_url":"https:\/\/naturoterrehappy.fr\/index.php\/2022\/10\/14\/le-souci-calendula\/","og_site_name":"Naturo Terre Happy","article_publisher":"https:\/\/www.facebook.com\/virginie.verel","article_author":"https:\/\/www.facebook.com\/virginie.verel","article_published_time":"2022-10-14T14:55:58+00:00","article_modified_time":"2022-10-14T14:55:59+00:00","og_image":[{"url":"https:\/\/naturoterrehappy.fr\/wp-content\/uploads\/2022\/10\/le-calendula-1024x1024.png"}],"author":"admin8212","twitter_card":"summary_large_image","twitter_misc":{"\u00c9crit par":"admin8212","Dur\u00e9e de lecture estim\u00e9e":"7 minutes"},"schema":{"@context":"https:\/\/schema.org","@graph":[{"@type":"Article","@id":"https:\/\/naturoterrehappy.fr\/index.php\/2022\/10\/14\/le-souci-calendula\/#article","isPartOf":{"@id":"https:\/\/naturoterrehappy.fr\/index.php\/2022\/10\/14\/le-souci-calendula\/"},"author":{"name":"admin8212","@id":"https:\/\/naturoterrehappy.fr\/#\/schema\/person\/8bf7540304db646eac9c6271483f14f5"},"headline":"LE SOUCI CALENDULA","datePublished":"2022-10-14T14:55:58+00:00","dateModified":"2022-10-14T14:55:59+00:00","mainEntityOfPage":{"@id":"https:\/\/naturoterrehappy.fr\/index.php\/2022\/10\/14\/le-souci-calendula\/"},"wordCount":1356,"commentCount":0,"publisher":{"@id":"https:\/\/naturoterrehappy.fr\/#\/schema\/person\/8bf7540304db646eac9c6271483f14f5"},"inLanguage":"fr-FR","potentialAction":[{"@type":"CommentAction","name":"Comment","target":["https:\/\/naturoterrehappy.fr\/index.php\/2022\/10\/14\/le-souci-calendula\/#respond"]}]},{"@type":"WebPage","@id":"https:\/\/naturoterrehappy.fr\/index.php\/2022\/10\/14\/le-souci-calendula\/","url":"https:\/\/naturoterrehappy.fr\/index.php\/2022\/10\/14\/le-souci-calendula\/","name":"LE SOUCI CALENDULA - Naturo Terre Happy","isPartOf":{"@id":"https:\/\/naturoterrehappy.fr\/#website"},"datePublished":"2022-10-14T14:55:58+00:00","dateModified":"2022-10-14T14:55:59+00:00","breadcrumb":{"@id":"https:\/\/naturoterrehappy.fr\/index.php\/2022\/10\/14\/le-souci-calendula\/#breadcrumb"},"inLanguage":"fr-FR","potentialAction":[{"@type":"ReadAction","target":["https:\/\/naturoterrehappy.fr\/index.php\/2022\/10\/14\/le-souci-calendula\/"]}]},{"@type":"BreadcrumbList","@id":"https:\/\/naturoterrehappy.fr\/index.php\/2022\/10\/14\/le-souci-calendula\/#breadcrumb","itemListElement":[{"@type":"ListItem","position":1,"name":"Accueil","item":"https:\/\/naturoterrehappy.fr\/"},{"@type":"ListItem","position":2,"name":"LE SOUCI CALENDULA"}]},{"@type":"WebSite","@id":"https:\/\/naturoterrehappy.fr\/#website","url":"https:\/\/naturoterrehappy.fr\/","name":"Naturo Terre Happy","description":"Les cl\u00e9s de la sant\u00e9:  Respecter sa Nature profonde, Respecter la Nature gu\u00e9risseuse, Respecter le vivant et ces lois","publisher":{"@id":"https:\/\/naturoterrehappy.fr\/#\/schema\/person\/8bf7540304db646eac9c6271483f14f5"},"potentialAction":[{"@type":"SearchAction","target":{"@type":"EntryPoint","urlTemplate":"https:\/\/naturoterrehappy.fr\/?s={search_term_string}"},"query-input":"required name=search_term_string"}],"inLanguage":"fr-FR"},{"@type":["Person","Organization"],"@id":"https:\/\/naturoterrehappy.fr\/#\/schema\/person\/8bf7540304db646eac9c6271483f14f5","name":"admin8212","image":{"@type":"ImageObject","inLanguage":"fr-FR","@id":"https:\/\/naturoterrehappy.fr\/#\/schema\/person\/image\/","url":"https:\/\/secure.gravatar.com\/avatar\/8ea9e5229c1252336ff46e6df56d34ff?s=96&d=mm&r=g","contentUrl":"https:\/\/secure.gravatar.com\/avatar\/8ea9e5229c1252336ff46e6df56d34ff?s=96&d=mm&r=g","caption":"admin8212"},"logo":{"@id":"https:\/\/naturoterrehappy.fr\/#\/schema\/person\/image\/"},"sameAs":["http:\/\/naturoterrehappy.fr","https:\/\/www.facebook.com\/virginie.verel","https:\/\/www.instagram.com\/virginieverel.naturoterrehappy\/","https:\/\/www.linkedin.com\/in\/virginie-verel-a68254211\/","https:\/\/www.pinterest.fr\/Naturoterrehappy\/","https:\/\/www.youtube.com\/channel\/UC322SLWURYVRVehV1hT8ubw"],"url":"https:\/\/naturoterrehappy.fr\/index.php\/author\/admin8212\/"}]}},"_links":{"self":[{"href":"https:\/\/naturoterrehappy.fr\/index.php\/wp-json\/wp\/v2\/posts\/669"}],"collection":[{"href":"https:\/\/naturoterrehappy.fr\/index.php\/wp-json\/wp\/v2\/posts"}],"about":[{"href":"https:\/\/naturoterrehappy.fr\/index.php\/wp-json\/wp\/v2\/types\/post"}],"author":[{"embeddable":true,"href":"https:\/\/naturoterrehappy.fr\/index.php\/wp-json\/wp\/v2\/users\/1"}],"replies":[{"embeddable":true,"href":"https:\/\/naturoterrehappy.fr\/index.php\/wp-json\/wp\/v2\/comments?post=669"}],"version-history":[{"count":1,"href":"https:\/\/naturoterrehappy.fr\/index.php\/wp-json\/wp\/v2\/posts\/669\/revisions"}],"predecessor-version":[{"id":676,"href":"https:\/\/naturoterrehappy.fr\/index.php\/wp-json\/wp\/v2\/posts\/669\/revisions\/676"}],"wp:attachment":[{"href":"https:\/\/naturoterrehappy.fr\/index.php\/wp-json\/wp\/v2\/media?parent=669"}],"wp:term":[{"taxonomy":"category","embeddable":true,"href":"https:\/\/naturoterrehappy.fr\/index.php\/wp-json\/wp\/v2\/categories?post=669"},{"taxonomy":"post_tag","embeddable":true,"href":"https:\/\/naturoterrehappy.fr\/index.php\/wp-json\/wp\/v2\/tags?post=669"}],"curies":[{"name":"wp","href":"https:\/\/api.w.org\/{rel}","templated":true}]}}