{"id":678,"date":"2022-11-21T18:02:29","date_gmt":"2022-11-21T17:02:29","guid":{"rendered":"https:\/\/naturoterrehappy.fr\/?p=678"},"modified":"2023-09-18T11:41:43","modified_gmt":"2023-09-18T09:41:43","slug":"les-fleurs-de-bach","status":"publish","type":"post","link":"https:\/\/naturoterrehappy.fr\/index.php\/2022\/11\/21\/les-fleurs-de-bach\/","title":{"rendered":"LES FLEURS DE BACH"},"content":{"rendered":"<div id=\"wp-socials\" style=\"margin-top:20px;margin-bottom:0px;\"><div id=\"wp-socials-general-btn\"><div id=\"wp-socials-plusone\">\r\n                <!-- Place this tag in your head or just before your close body tag. -->\r\n                <script src=\"https:\/\/apis.google.com\/js\/platform.js\" async defer>\r\n                  {lang: 'fr'}\r\n                <\/script>\r\n\r\n                <!-- Place this tag where you want the share button to render. -->\r\n                <div class=\"g-plus\" data-action=\"share\" data-annotation=\"inline\" data-height=\"58\" data-size=\"small\" data-href=\"https:\/\/naturoterrehappy.fr\/index.php\/2022\/11\/21\/les-fleurs-de-bach\/\"><\/div><\/div><\/div><div style=\"clear:both\"><\/div><\/div><div class=\"wp-block-image\">\n<figure class=\"aligncenter size-full\"><img loading=\"lazy\" decoding=\"async\" width=\"600\" height=\"358\" src=\"https:\/\/naturoterrehappy.fr\/wp-content\/uploads\/2022\/11\/preparer-ses-fleurs-de-bach.jpg\" alt=\"\" class=\"wp-image-680\" srcset=\"https:\/\/naturoterrehappy.fr\/wp-content\/uploads\/2022\/11\/preparer-ses-fleurs-de-bach.jpg 600w, https:\/\/naturoterrehappy.fr\/wp-content\/uploads\/2022\/11\/preparer-ses-fleurs-de-bach-300x179.jpg 300w\" sizes=\"(max-width: 600px) 100vw, 600px\" \/><figcaption class=\"wp-element-caption\">source Canvas\/pixabay<\/figcaption><\/figure><\/div>\n\n\n<!--more-->\n\n\n\n<p>Les \u00e9lixirs floraux sont des <strong>produits purs et naturels<\/strong> qui font appel aux messages subtils des fleurs. Ces fleurs exercent une influence positive sur les \u00e9tats d\u2019\u00eatre et sont susceptibles de transformer les \u00e9motions, les attitudes, les habitudes comportementales n\u00e9gatives qui entravent l\u2019\u00e9panouissement personnel et qui perturbent la sant\u00e9.<\/p>\n\n\n\n<p>Les fleurs de Bach sont un syst\u00e8me th\u00e9rapeutique et nous pouvons utiliser leur potentiel pour accompagner tout traitement et toute maladie.<\/p>\n\n\n\n<p>Les avantages de ces \u00e9lixirs&nbsp;: sans accoutumances, sans effets secondaires, car\u2026\u2026.<\/p>\n\n\n\n<p class=\"has-text-align-center\"><strong>SANS PRINCIPES ACTIFS<\/strong>.<\/p>\n\n\n\n<h1 class=\"wp-block-heading\"><strong><span class=\"has-inline-color has-pale-pink-color\">Edward Bach, un m\u00e9decin et chercheur reconnu par ses pairs<\/span><\/strong><\/h1>\n\n\n\n\n\n<p>Le docteur Edward Bach physicien hom\u00e9opathe, bact\u00e9riologiste et immunologiste britannique du d\u00e9but du 20e si\u00e8cle (1886-1936) est r\u00e9put\u00e9 pour ses travaux sur les bacilles (bact\u00e9ries en forme de bat\u00f4nnet). Il \u00e9tait persuad\u00e9 que 7 bacilles de base \u00e9taient responsables de la quasi-totalit\u00e9 des maladies. Il a cr\u00e9\u00e9 des vaccins buccaux \u00e0 partir de ces bacilles, appel\u00e9s \u00ab&nbsp;<strong>nosodes de Bach<\/strong>&nbsp;\u00bb. Ses traitements fonctionnaient bien \u00e0 l\u2019\u00e9poque.<\/p>\n\n\n\n<p>Il se rapproche des principes du fondateur de l\u2019hom\u00e9opathie&nbsp;:&nbsp;la plus petite dose&nbsp;possible et les prises les plus \u00e9loign\u00e9es possible en fonction des r\u00e9actions individuelles du malade Mais Bach n\u2019\u00e9tait pas satisfait de cette th\u00e9rapie qui connut pourtant un succ\u00e8s mondial, il d\u00e9cida de tout quitter pour trouver dans la nature des rem\u00e8des capable de gu\u00e9rir.<\/p>\n\n\n\n<p>Il part du principe que l\u2019homme \u00e9tant un \u00eatre de la&nbsp;<strong><span class=\"has-inline-color has-vivid-green-cyan-color\">Nature<\/span><\/strong>, alors la Nature doit contenir en elle tout ce qu\u2019il lui faut pour gu\u00e9rir. Il s\u2019int\u00e9resse aux plantes, et surtout aux&nbsp;<span class=\"has-inline-color has-vivid-green-cyan-color\"><strong>fleurs<\/strong>&nbsp;<\/span>qui lui semblent exprimer quelque chose de plus singulier que les feuilles et les tiges.<\/p>\n\n\n\n<p>Il prend alors conscience que <strong>l<span class=\"has-inline-color has-pale-pink-color\">\u2019homme est multi dimensionnel \u00ab corps \u00e2me esprit \u00bb<\/span><\/strong> et s&rsquo;\u00e9carte peu \u00e0 peu de la m\u00e9decine traditionnelle qu\u2019il trouve trop ax\u00e9e sur le sympt\u00f4me et pas assez sur la personnalit\u00e9 du patient.<\/p>\n\n\n\n<p>A force d\u2019observation, il remarque qu\u2019il existe des<span class=\"has-inline-color has-vivid-green-cyan-color\"><strong> traits de caract\u00e8<\/strong><\/span>res tr\u00e8s distincts chez les individus. Il pense que ces traits de caract\u00e8re sont peut-\u00eatre l\u2019origine des maladies, plus que les bacilles qui ne seraient que les sympt\u00f4mes de ce trait de caract\u00e8re.<\/p>\n\n\n\n<p>Il cherche alors \u00e0 influer sur ces traits psychiques.<\/p>\n\n\n\n<p>Toute la philosophie de son travail s\u2019exprime dans ces deux phrases :<\/p>\n\n\n\n<ul>\n<li>\u00ab<span class=\"has-inline-color has-pale-pink-color\"><strong> Tant que l\u2019\u00e2me, le corps et l\u2019esprit sont en harmonie, rien ne peut nous affecter. \u00bb<\/strong><\/span><\/li>\n\n\n\n<li><span style=\"background-color:rgba(0, 0, 0, 0)\" class=\"has-inline-color has-pale-pink-color\"><strong>\u00ab C\u2019est le malade qui doit \u00eatre trait\u00e9 et non la maladie. \u00bb<\/strong><\/span><\/li>\n<\/ul>\n\n\n\n<h1 class=\"wp-block-heading\"><strong><span class=\"has-inline-color has-vivid-green-cyan-color\">Les limites de la vision mat\u00e9rialiste concernant la maladie<\/span><\/strong><\/h1>\n\n\n\n<p>En 1930 le Docteur Bach \u00e9crit&nbsp;:<\/p>\n\n\n\n<blockquote class=\"wp-block-quote\">\n<p>\u00ab Les m\u00e9thodes mat\u00e9rialistes actuelles ne viendront jamais \u00e0 bout de la maladie pour la simple raison que la maladie, \u00e0 l\u2019origine, n\u2019est pas mat\u00e9rielle. Ce que nous connaissons de la maladie est l\u2019ultime r\u00e9sultat produit dans le corps, l\u2019aboutissement de forces agissantes depuis longtemps et en profondeur. \u00bb<\/p>\n\n\n\n<p>(Dr Edward Bach, Gu\u00e9ris-toi toi-m\u00eame)<\/p>\n<\/blockquote>\n\n\n\n<p>Pour Bach, les maladies et les sympt\u00f4mes du corps ne sont que le cha\u00eenon ultime d\u2019un processus morbide<\/p>\n\n\n\n<h2 class=\"wp-block-heading has-text-align-center\"><strong><span class=\"has-inline-color has-pale-pink-color\">Les messages du corps<\/span><\/strong><\/h2>\n\n\n<div class=\"wp-block-image\">\n<figure class=\"aligncenter size-large is-resized\"><img loading=\"lazy\" decoding=\"async\" src=\"https:\/\/naturoterrehappy.fr\/wp-content\/uploads\/2022\/11\/les-messages-du-corps-724x1024.png\" alt=\"\" class=\"wp-image-681\" style=\"width:333px;height:471px\" width=\"333\" height=\"471\" srcset=\"https:\/\/naturoterrehappy.fr\/wp-content\/uploads\/2022\/11\/les-messages-du-corps-724x1024.png 724w, https:\/\/naturoterrehappy.fr\/wp-content\/uploads\/2022\/11\/les-messages-du-corps-212x300.png 212w, https:\/\/naturoterrehappy.fr\/wp-content\/uploads\/2022\/11\/les-messages-du-corps-768x1086.png 768w, https:\/\/naturoterrehappy.fr\/wp-content\/uploads\/2022\/11\/les-messages-du-corps-1086x1536.png 1086w, https:\/\/naturoterrehappy.fr\/wp-content\/uploads\/2022\/11\/les-messages-du-corps-1448x2048.png 1448w, https:\/\/naturoterrehappy.fr\/wp-content\/uploads\/2022\/11\/les-messages-du-corps.png 1587w\" sizes=\"(max-width: 333px) 100vw, 333px\" \/><figcaption class=\"wp-element-caption\">source Canvas\/pixabay<\/figcaption><\/figure><\/div>\n\n\n<p>La maladie est un <strong>signal d\u2019alarme<\/strong> pour dire qu\u2019on est sur la mauvaise voie. Moins on saisit le message, plus elle doit \u00eatre forte pour faire comprendre. Les maladies sont le r\u00e9sultat de la disharmonie entre l\u2019\u00e9tat mental et l\u2019\u00e9tat physique d\u2019une personne. Elles sont donc les manifestations physiques d\u2019un \u00e9tat mental n\u00e9gatif. Ainsi, le souci, l\u2019anxi\u00e9t\u00e9 et l\u2019impatience affaiblissent la vitalit\u00e9 individuelle jusqu\u2019\u00e0 un point o\u00f9 le corps perd ses d\u00e9fenses naturelles et devient vuln\u00e9rable aux infections et aux autres \u00e9tats morbides. N\u00e9anmoins, et paradoxalement, elles sont un processus de gu\u00e9rison, parce qu\u2019elles avertissent de ne pas persister dans nos erreurs.<\/p>\n\n\n\n<p>C\u2019est pourquoi il vaut mieux travailler sur ses \u00e9motions et sa vision du monde avant d\u2019\u00eatre malade.<\/p>\n\n\n\n<p>Ce principe essentiel, consistant \u00e0 soigner le malade et non la maladie, est devenu la base du syst\u00e8me de soin du Docteur Bach.<\/p>\n\n\n\n<p>La gu\u00e9rison compl\u00e8te, dit Bach, d\u00e9pend des points suivants :<\/p>\n\n\n\n<ul>\n<li>La conscience int\u00e9rieure du fait que nous avons la capacit\u00e9 \u00e0 nous gu\u00e9rir<\/li>\n\n\n\n<li>La connaissance du fait que la maladie est due \u00e0 la disharmonie entre la personnalit\u00e9 et l\u2019\u00e2me<\/li>\n\n\n\n<li>Notre d\u00e9sir et notre capacit\u00e9 de d\u00e9voiler le manque qui a cr\u00e9\u00e9 le conflit<\/li>\n\n\n\n<li>La lev\u00e9e de ce manque en d\u00e9veloppant la vertu oppos\u00e9e.<\/li>\n<\/ul>\n\n\n\n<p>Le Docteur Bach est convaincu du fait que la sant\u00e9 ne se recouvre qu\u2019en \u00e9tant dispos\u00e9 \u00e0 changer.<\/p>\n\n\n\n<p>&nbsp;A propos de ses \u00e9lixirs, Bach \u00e9crit :<\/p>\n\n\n\n<blockquote class=\"wp-block-quote\">\n<p>\u00ab Ils sont en mesure d\u2019\u00e9veiller notre vraie nature et de nous mener plus proche de nos \u00e2mes\u2026 Ils ne soignent pas en attaquant la maladie, mais en prodiguant \u00e0 nos corps les merveilleuses vibrations de nos Natures Souveraines, en pr\u00e9sence desquelles toute maladie se dissout comme neige au soleil\u2026 \u00bb<\/p>\n<\/blockquote>\n\n\n\n<h3 class=\"wp-block-heading\"><strong><span class=\"has-inline-color has-pale-pink-color\">D\u00e9velopper la qualit\u00e9 positive&nbsp;: plut\u00f4t que de combattre la maladie, il faut changer de point de vue.<\/span><\/strong><\/h3>\n\n\n\n<p>Pour le docteur Bach, il ne faut pas combattre un trait de caract\u00e8re d\u00e9plaisant, mais d\u00e9velopper l\u2019oppos\u00e9. Dans les faits, cela peut sembler \u00e9quivalent, mais l\u2019optique, et les r\u00e9sultats sont diff\u00e9rents.<\/p>\n\n\n\n<h1 class=\"wp-block-heading\"><strong><span class=\"has-inline-color has-vivid-green-cyan-color\">L&rsquo;utilisation des fleurs de Bach<\/span><\/strong><\/h1>\n\n\n\n<p>Une aide pour toutes les maladies<\/p>\n\n\n\n<p>Le docteur Bach estimait avoir cr\u00e9\u00e9 un syst\u00e8me de traitement complet. Puisqu&rsquo;on traite l&rsquo;\u00e9tat d&rsquo;esprit du malade, peu importe la nature de la maladie.<\/p>\n\n\n\n<h1 class=\"wp-block-heading\"><strong><span class=\"has-inline-color has-vivid-green-cyan-color\">Les \u00e9lixirs floraux<\/span><\/strong><\/h1>\n\n\n\n<p>A la fois simple d\u2019utilisation et difficile \u00e0 comprendre<\/p>\n\n\n\n<p>La particularit\u00e9 des fleurs de Bach est qu\u2019il n\u2019y a aucun principe actif, aucune mol\u00e9cule th\u00e9rapeutique mais une information d\u2019un champ vibratoire, une fr\u00e9quence vibratoire donn\u00e9e selon la fleur. &nbsp;Les \u00e9lixirs floraux du Docteur Bach sont des rem\u00e8des \u00e0 base de l&rsquo;\u00e9nergie des plantes.<\/p>\n\n\n\n<p>Les fleurs sont tremp\u00e9es dans de l\u2019eau pure et mises au soleil. Ensuite cette eau est dilu\u00e9e \u00e0 part \u00e9gale dans de l\u2019alcool pour la conservation, et enfin on ne prend que deux gouttes que l&rsquo;on compl\u00e8te avec 30 ml d&rsquo;eau. Cela donne les flacons d\u2019\u00e9lixir.<\/p>\n\n\n\n<p>Ainsi, les&nbsp;<strong>quatre \u00e9l\u00e9ments (et leur qualit\u00e9 \u00e9nerg\u00e9tique)<\/strong>&nbsp;sont r\u00e9unis pour que le r\u00e9sultat soit un concentr\u00e9 de l\u2019esprit de la Nature.<\/p>\n\n\n\n<h2 class=\"wp-block-heading has-text-align-center\"><strong><span class=\"has-inline-color has-pale-pink-color\">La philosophie derri\u00e8re les fleurs de Bach&nbsp;: tout est \u00e9nergie&nbsp;!<\/span><\/strong><\/h2>\n\n\n<div class=\"wp-block-image\">\n<figure class=\"aligncenter size-full is-resized\"><img loading=\"lazy\" decoding=\"async\" src=\"https:\/\/naturoterrehappy.fr\/wp-content\/uploads\/2022\/11\/energie-vitale-e1529329203672-730x410-1.jpg\" alt=\"\" class=\"wp-image-682\" style=\"width:318px;height:178px\" width=\"318\" height=\"178\" srcset=\"https:\/\/naturoterrehappy.fr\/wp-content\/uploads\/2022\/11\/energie-vitale-e1529329203672-730x410-1.jpg 730w, https:\/\/naturoterrehappy.fr\/wp-content\/uploads\/2022\/11\/energie-vitale-e1529329203672-730x410-1-300x168.jpg 300w\" sizes=\"(max-width: 318px) 100vw, 318px\" \/><figcaption class=\"wp-element-caption\">source Canvas<\/figcaption><\/figure><\/div>\n\n\n<p>La physique quantique nous a appris que les atomes qui nous constitue et constitue l\u2019univers entier ne sont pas la plus petite partie ins\u00e9cable de la mati\u00e8re. Il existe des mol\u00e9cules plus rapides que la vitesse de la lumi\u00e8re et donc invisibles \u00e0 leurs yeux.<\/p>\n\n\n\n<p>En 2015 ils ont pu observer gr\u00e2ce \u00e0 l&rsquo;acc\u00e9l\u00e9rateur de particules cette plus petite particule observable de mati\u00e8re. Ils ont d\u00e9couvert qu&rsquo;elle est vibration ou mati\u00e8re en fonction du regard de l&rsquo;observateur. Ce qui signifie que l&rsquo;\u00e9nergie se transforme donc en mati\u00e8re et vice-versa sous les yeux de celui qui regarde.<\/p>\n\n\n\n<p class=\"has-text-align-center\"><span style=\"background-color:rgba(0, 0, 0, 0)\" class=\"has-inline-color has-pale-pink-color\"><strong>Nous sommes donc vibrations tout comme l\u2019univers entier et que nous \u00e9changeons et entrons en r\u00e9sonnance.<\/strong><\/span><\/p>\n\n\n\n<p>Sachant que les \u00e9motions sont une information face \u00e0 un stimuli ou un stress. Elles ne sont pas mati\u00e8re \u00e0 la base mais \u00e9nergie et ce transmute en mati\u00e8re (par les r\u00e9actions biochimiques dans le corps). <\/p>\n\n\n\n<p>Par exemple quand vous entendez quelqu\u2019un dire vous dire des choses blessantes, il s\u2019agit d\u2019une onde qui arrive \u00e0 vos oreilles. L\u2019interpr\u00e9tation et que vous donnez \u00e0 ces mots &nbsp;va modifier la chimie interne (et cette interpr\u00e9tation sera diff\u00e9rents d\u2019une personne \u00e0 une autre). Il n\u2019y a pas eu \u00e9change de mati\u00e8re mais <strong><span class=\"has-inline-color has-vivid-green-cyan-color\">transmutation d\u2019\u00e9nergie en mati\u00e8re<\/span><\/strong>. Autre exemple, cela vous est s\u00fbrement d\u00e9j\u00e0 arriv\u00e9 de rentrer dans une pi\u00e8ce et de \u00ab\u00a0ressentir\u00a0\u00bb des ambiances n\u00e9gatives ou au contraire, reposantes et positives.&nbsp; Vous \u00eates en contact avec les vibrations des lieux.<\/p>\n\n\n\n<p>Revenons \u00e0 nos fleurs, c&rsquo;est donc l&rsquo;\u00e9nergie des plantes qui entre en r\u00e9sonnance avec l&rsquo;\u00e9nergie de notre corps pour le gu\u00e9rir.&nbsp; C&rsquo;est sur cette base que les techniques de gu\u00e9rison \u00e9nerg\u00e9tiques fonctionnent. Au moment privil\u00e9gi\u00e9 de sa floraison, la plante exprime, \u00e0 travers la fleur, une qualit\u00e9 tr\u00e8s particuli\u00e8re qui est l\u2019expression d\u2019une \u00e9nergie puissante qui se manifeste dans la mati\u00e8re v\u00e9g\u00e9tale \u00e0 la floraison et qui est susceptible d\u2019entrer en r\u00e9sonance avec la conscience humaine. A travers les \u00e9lixirs floraux, les fleurs livrent leur message d\u2019harmonie et de beaut\u00e9 et transmettent \u00e0 l\u2019homme leurs qualit\u00e9s.<\/p>\n\n\n\n<p>Les fleurs de Bach font partie de ma boite \u00e0 outils et le choix d\u00e9pend de beaucoup de facteur. Les fleurs de Bach sont souvent cantonn\u00e9es au travail psychologique, puisque chaque plante correspond \u00e0 une \u00e9motion. C&rsquo;est limiter leur emploi, car elles sont utiles pour les affections courantes comme les rhumes ou les douleurs articulaires par exemple, mais on n&rsquo;y pense rarement.<\/p>\n\n\n\n<p><\/p>\n\n\n\n<p>\ud83d\ude4fPenchez-vous un peu plus sur la Nature qui a beaucoup de chose \u00e0 vous dire<\/p>\n\n\n\n<p> \ud83d\ude4f Prenez soin de vous et prenez soin de la Nature<\/p>\n\n\n\n<p>Virginie\ud83d\ude18<\/p>\n\n\n\n<figure class=\"wp-block-image size-large\"><img loading=\"lazy\" decoding=\"async\" width=\"1024\" height=\"1024\" src=\"https:\/\/naturoterrehappy.fr\/wp-content\/uploads\/2022\/11\/les-fleurs-de-bach-1024x1024.png\" alt=\"\" class=\"wp-image-683\" srcset=\"https:\/\/naturoterrehappy.fr\/wp-content\/uploads\/2022\/11\/les-fleurs-de-bach-1024x1024.png 1024w, https:\/\/naturoterrehappy.fr\/wp-content\/uploads\/2022\/11\/les-fleurs-de-bach-300x300.png 300w, https:\/\/naturoterrehappy.fr\/wp-content\/uploads\/2022\/11\/les-fleurs-de-bach-150x150.png 150w, https:\/\/naturoterrehappy.fr\/wp-content\/uploads\/2022\/11\/les-fleurs-de-bach-768x768.png 768w, https:\/\/naturoterrehappy.fr\/wp-content\/uploads\/2022\/11\/les-fleurs-de-bach-1536x1536.png 1536w, https:\/\/naturoterrehappy.fr\/wp-content\/uploads\/2022\/11\/les-fleurs-de-bach-100x100.png 100w, https:\/\/naturoterrehappy.fr\/wp-content\/uploads\/2022\/11\/les-fleurs-de-bach.png 1654w\" sizes=\"(max-width: 767px) 89vw, (max-width: 1000px) 54vw, (max-width: 1071px) 543px, 580px\" \/><\/figure>\n","protected":false},"excerpt":{"rendered":"<div id=\"wp-socials\" style=\"margin-top:20px;margin-bottom:0px;\"><div id=\"wp-socials-general-btn\"><div id=\"wp-socials-plusone\">\r\n                <!-- Place this tag in your head or just before your close body tag. -->\r\n                <script src=\"https:\/\/apis.google.com\/js\/platform.js\" async defer>\r\n                  {lang: 'fr'}\r\n                <\/script>\r\n\r\n                <!-- Place this tag where you want the share button to render. -->\r\n                <div class=\"g-plus\" data-action=\"share\" data-annotation=\"inline\" data-height=\"58\" data-size=\"small\" data-href=\"https:\/\/naturoterrehappy.fr\/index.php\/2022\/11\/21\/les-fleurs-de-bach\/\"><\/div><\/div><\/div><div style=\"clear:both\"><\/div><\/div>","protected":false},"author":1,"featured_media":0,"comment_status":"open","ping_status":"open","sticky":false,"template":"","format":"gallery","meta":{"footnotes":""},"categories":[1],"tags":[],"yoast_head":"<!-- This site is optimized with the Yoast SEO plugin v19.13 - https:\/\/yoast.com\/wordpress\/plugins\/seo\/ -->\n<title>LES FLEURS DE BACH - Naturo Terre Happy<\/title>\n<meta name=\"robots\" content=\"index, follow, max-snippet:-1, max-image-preview:large, max-video-preview:-1\" \/>\n<link rel=\"canonical\" href=\"https:\/\/naturoterrehappy.fr\/index.php\/2022\/11\/21\/les-fleurs-de-bach\/\" \/>\n<meta property=\"og:locale\" content=\"fr_FR\" \/>\n<meta property=\"og:type\" content=\"article\" \/>\n<meta property=\"og:title\" content=\"LES FLEURS DE BACH - Naturo Terre Happy\" \/>\n<meta property=\"og:url\" content=\"https:\/\/naturoterrehappy.fr\/index.php\/2022\/11\/21\/les-fleurs-de-bach\/\" \/>\n<meta property=\"og:site_name\" content=\"Naturo Terre Happy\" \/>\n<meta property=\"article:publisher\" content=\"https:\/\/www.facebook.com\/virginie.verel\" \/>\n<meta property=\"article:author\" content=\"https:\/\/www.facebook.com\/virginie.verel\" \/>\n<meta property=\"article:published_time\" content=\"2022-11-21T17:02:29+00:00\" \/>\n<meta property=\"article:modified_time\" content=\"2023-09-18T09:41:43+00:00\" \/>\n<meta property=\"og:image\" content=\"https:\/\/naturoterrehappy.fr\/wp-content\/uploads\/2022\/11\/preparer-ses-fleurs-de-bach.jpg\" \/>\n<meta name=\"author\" content=\"admin8212\" \/>\n<meta name=\"twitter:card\" content=\"summary_large_image\" \/>\n<meta name=\"twitter:label1\" content=\"\u00c9crit par\" \/>\n\t<meta name=\"twitter:data1\" content=\"admin8212\" \/>\n\t<meta name=\"twitter:label2\" content=\"Dur\u00e9e de lecture estim\u00e9e\" \/>\n\t<meta name=\"twitter:data2\" content=\"8 minutes\" \/>\n<script type=\"application\/ld+json\" class=\"yoast-schema-graph\">{\"@context\":\"https:\/\/schema.org\",\"@graph\":[{\"@type\":\"Article\",\"@id\":\"https:\/\/naturoterrehappy.fr\/index.php\/2022\/11\/21\/les-fleurs-de-bach\/#article\",\"isPartOf\":{\"@id\":\"https:\/\/naturoterrehappy.fr\/index.php\/2022\/11\/21\/les-fleurs-de-bach\/\"},\"author\":{\"name\":\"admin8212\",\"@id\":\"https:\/\/naturoterrehappy.fr\/#\/schema\/person\/8bf7540304db646eac9c6271483f14f5\"},\"headline\":\"LES FLEURS DE BACH\",\"datePublished\":\"2022-11-21T17:02:29+00:00\",\"dateModified\":\"2023-09-18T09:41:43+00:00\",\"mainEntityOfPage\":{\"@id\":\"https:\/\/naturoterrehappy.fr\/index.php\/2022\/11\/21\/les-fleurs-de-bach\/\"},\"wordCount\":1585,\"commentCount\":0,\"publisher\":{\"@id\":\"https:\/\/naturoterrehappy.fr\/#\/schema\/person\/8bf7540304db646eac9c6271483f14f5\"},\"inLanguage\":\"fr-FR\",\"potentialAction\":[{\"@type\":\"CommentAction\",\"name\":\"Comment\",\"target\":[\"https:\/\/naturoterrehappy.fr\/index.php\/2022\/11\/21\/les-fleurs-de-bach\/#respond\"]}]},{\"@type\":\"WebPage\",\"@id\":\"https:\/\/naturoterrehappy.fr\/index.php\/2022\/11\/21\/les-fleurs-de-bach\/\",\"url\":\"https:\/\/naturoterrehappy.fr\/index.php\/2022\/11\/21\/les-fleurs-de-bach\/\",\"name\":\"LES FLEURS DE BACH - Naturo Terre Happy\",\"isPartOf\":{\"@id\":\"https:\/\/naturoterrehappy.fr\/#website\"},\"datePublished\":\"2022-11-21T17:02:29+00:00\",\"dateModified\":\"2023-09-18T09:41:43+00:00\",\"breadcrumb\":{\"@id\":\"https:\/\/naturoterrehappy.fr\/index.php\/2022\/11\/21\/les-fleurs-de-bach\/#breadcrumb\"},\"inLanguage\":\"fr-FR\",\"potentialAction\":[{\"@type\":\"ReadAction\",\"target\":[\"https:\/\/naturoterrehappy.fr\/index.php\/2022\/11\/21\/les-fleurs-de-bach\/\"]}]},{\"@type\":\"BreadcrumbList\",\"@id\":\"https:\/\/naturoterrehappy.fr\/index.php\/2022\/11\/21\/les-fleurs-de-bach\/#breadcrumb\",\"itemListElement\":[{\"@type\":\"ListItem\",\"position\":1,\"name\":\"Accueil\",\"item\":\"https:\/\/naturoterrehappy.fr\/\"},{\"@type\":\"ListItem\",\"position\":2,\"name\":\"LES FLEURS DE BACH\"}]},{\"@type\":\"WebSite\",\"@id\":\"https:\/\/naturoterrehappy.fr\/#website\",\"url\":\"https:\/\/naturoterrehappy.fr\/\",\"name\":\"Naturo Terre Happy\",\"description\":\"Les cl\u00e9s de la sant\u00e9:  Respecter sa Nature profonde, Respecter la Nature gu\u00e9risseuse, Respecter le vivant et ces lois\",\"publisher\":{\"@id\":\"https:\/\/naturoterrehappy.fr\/#\/schema\/person\/8bf7540304db646eac9c6271483f14f5\"},\"potentialAction\":[{\"@type\":\"SearchAction\",\"target\":{\"@type\":\"EntryPoint\",\"urlTemplate\":\"https:\/\/naturoterrehappy.fr\/?s={search_term_string}\"},\"query-input\":\"required name=search_term_string\"}],\"inLanguage\":\"fr-FR\"},{\"@type\":[\"Person\",\"Organization\"],\"@id\":\"https:\/\/naturoterrehappy.fr\/#\/schema\/person\/8bf7540304db646eac9c6271483f14f5\",\"name\":\"admin8212\",\"image\":{\"@type\":\"ImageObject\",\"inLanguage\":\"fr-FR\",\"@id\":\"https:\/\/naturoterrehappy.fr\/#\/schema\/person\/image\/\",\"url\":\"https:\/\/secure.gravatar.com\/avatar\/8ea9e5229c1252336ff46e6df56d34ff?s=96&d=mm&r=g\",\"contentUrl\":\"https:\/\/secure.gravatar.com\/avatar\/8ea9e5229c1252336ff46e6df56d34ff?s=96&d=mm&r=g\",\"caption\":\"admin8212\"},\"logo\":{\"@id\":\"https:\/\/naturoterrehappy.fr\/#\/schema\/person\/image\/\"},\"sameAs\":[\"http:\/\/naturoterrehappy.fr\",\"https:\/\/www.facebook.com\/virginie.verel\",\"https:\/\/www.instagram.com\/virginieverel.naturoterrehappy\/\",\"https:\/\/www.linkedin.com\/in\/virginie-verel-a68254211\/\",\"https:\/\/www.pinterest.fr\/Naturoterrehappy\/\",\"https:\/\/www.youtube.com\/channel\/UC322SLWURYVRVehV1hT8ubw\"],\"url\":\"https:\/\/naturoterrehappy.fr\/index.php\/author\/admin8212\/\"}]}<\/script>\n<!-- \/ Yoast SEO plugin. -->","yoast_head_json":{"title":"LES FLEURS DE BACH - Naturo Terre Happy","robots":{"index":"index","follow":"follow","max-snippet":"max-snippet:-1","max-image-preview":"max-image-preview:large","max-video-preview":"max-video-preview:-1"},"canonical":"https:\/\/naturoterrehappy.fr\/index.php\/2022\/11\/21\/les-fleurs-de-bach\/","og_locale":"fr_FR","og_type":"article","og_title":"LES FLEURS DE BACH - Naturo Terre Happy","og_url":"https:\/\/naturoterrehappy.fr\/index.php\/2022\/11\/21\/les-fleurs-de-bach\/","og_site_name":"Naturo Terre Happy","article_publisher":"https:\/\/www.facebook.com\/virginie.verel","article_author":"https:\/\/www.facebook.com\/virginie.verel","article_published_time":"2022-11-21T17:02:29+00:00","article_modified_time":"2023-09-18T09:41:43+00:00","og_image":[{"url":"https:\/\/naturoterrehappy.fr\/wp-content\/uploads\/2022\/11\/preparer-ses-fleurs-de-bach.jpg"}],"author":"admin8212","twitter_card":"summary_large_image","twitter_misc":{"\u00c9crit par":"admin8212","Dur\u00e9e de lecture estim\u00e9e":"8 minutes"},"schema":{"@context":"https:\/\/schema.org","@graph":[{"@type":"Article","@id":"https:\/\/naturoterrehappy.fr\/index.php\/2022\/11\/21\/les-fleurs-de-bach\/#article","isPartOf":{"@id":"https:\/\/naturoterrehappy.fr\/index.php\/2022\/11\/21\/les-fleurs-de-bach\/"},"author":{"name":"admin8212","@id":"https:\/\/naturoterrehappy.fr\/#\/schema\/person\/8bf7540304db646eac9c6271483f14f5"},"headline":"LES FLEURS DE BACH","datePublished":"2022-11-21T17:02:29+00:00","dateModified":"2023-09-18T09:41:43+00:00","mainEntityOfPage":{"@id":"https:\/\/naturoterrehappy.fr\/index.php\/2022\/11\/21\/les-fleurs-de-bach\/"},"wordCount":1585,"commentCount":0,"publisher":{"@id":"https:\/\/naturoterrehappy.fr\/#\/schema\/person\/8bf7540304db646eac9c6271483f14f5"},"inLanguage":"fr-FR","potentialAction":[{"@type":"CommentAction","name":"Comment","target":["https:\/\/naturoterrehappy.fr\/index.php\/2022\/11\/21\/les-fleurs-de-bach\/#respond"]}]},{"@type":"WebPage","@id":"https:\/\/naturoterrehappy.fr\/index.php\/2022\/11\/21\/les-fleurs-de-bach\/","url":"https:\/\/naturoterrehappy.fr\/index.php\/2022\/11\/21\/les-fleurs-de-bach\/","name":"LES FLEURS DE BACH - Naturo Terre Happy","isPartOf":{"@id":"https:\/\/naturoterrehappy.fr\/#website"},"datePublished":"2022-11-21T17:02:29+00:00","dateModified":"2023-09-18T09:41:43+00:00","breadcrumb":{"@id":"https:\/\/naturoterrehappy.fr\/index.php\/2022\/11\/21\/les-fleurs-de-bach\/#breadcrumb"},"inLanguage":"fr-FR","potentialAction":[{"@type":"ReadAction","target":["https:\/\/naturoterrehappy.fr\/index.php\/2022\/11\/21\/les-fleurs-de-bach\/"]}]},{"@type":"BreadcrumbList","@id":"https:\/\/naturoterrehappy.fr\/index.php\/2022\/11\/21\/les-fleurs-de-bach\/#breadcrumb","itemListElement":[{"@type":"ListItem","position":1,"name":"Accueil","item":"https:\/\/naturoterrehappy.fr\/"},{"@type":"ListItem","position":2,"name":"LES FLEURS DE BACH"}]},{"@type":"WebSite","@id":"https:\/\/naturoterrehappy.fr\/#website","url":"https:\/\/naturoterrehappy.fr\/","name":"Naturo Terre Happy","description":"Les cl\u00e9s de la sant\u00e9:  Respecter sa Nature profonde, Respecter la Nature gu\u00e9risseuse, Respecter le vivant et ces lois","publisher":{"@id":"https:\/\/naturoterrehappy.fr\/#\/schema\/person\/8bf7540304db646eac9c6271483f14f5"},"potentialAction":[{"@type":"SearchAction","target":{"@type":"EntryPoint","urlTemplate":"https:\/\/naturoterrehappy.fr\/?s={search_term_string}"},"query-input":"required name=search_term_string"}],"inLanguage":"fr-FR"},{"@type":["Person","Organization"],"@id":"https:\/\/naturoterrehappy.fr\/#\/schema\/person\/8bf7540304db646eac9c6271483f14f5","name":"admin8212","image":{"@type":"ImageObject","inLanguage":"fr-FR","@id":"https:\/\/naturoterrehappy.fr\/#\/schema\/person\/image\/","url":"https:\/\/secure.gravatar.com\/avatar\/8ea9e5229c1252336ff46e6df56d34ff?s=96&d=mm&r=g","contentUrl":"https:\/\/secure.gravatar.com\/avatar\/8ea9e5229c1252336ff46e6df56d34ff?s=96&d=mm&r=g","caption":"admin8212"},"logo":{"@id":"https:\/\/naturoterrehappy.fr\/#\/schema\/person\/image\/"},"sameAs":["http:\/\/naturoterrehappy.fr","https:\/\/www.facebook.com\/virginie.verel","https:\/\/www.instagram.com\/virginieverel.naturoterrehappy\/","https:\/\/www.linkedin.com\/in\/virginie-verel-a68254211\/","https:\/\/www.pinterest.fr\/Naturoterrehappy\/","https:\/\/www.youtube.com\/channel\/UC322SLWURYVRVehV1hT8ubw"],"url":"https:\/\/naturoterrehappy.fr\/index.php\/author\/admin8212\/"}]}},"_links":{"self":[{"href":"https:\/\/naturoterrehappy.fr\/index.php\/wp-json\/wp\/v2\/posts\/678"}],"collection":[{"href":"https:\/\/naturoterrehappy.fr\/index.php\/wp-json\/wp\/v2\/posts"}],"about":[{"href":"https:\/\/naturoterrehappy.fr\/index.php\/wp-json\/wp\/v2\/types\/post"}],"author":[{"embeddable":true,"href":"https:\/\/naturoterrehappy.fr\/index.php\/wp-json\/wp\/v2\/users\/1"}],"replies":[{"embeddable":true,"href":"https:\/\/naturoterrehappy.fr\/index.php\/wp-json\/wp\/v2\/comments?post=678"}],"version-history":[{"count":3,"href":"https:\/\/naturoterrehappy.fr\/index.php\/wp-json\/wp\/v2\/posts\/678\/revisions"}],"predecessor-version":[{"id":1107,"href":"https:\/\/naturoterrehappy.fr\/index.php\/wp-json\/wp\/v2\/posts\/678\/revisions\/1107"}],"wp:attachment":[{"href":"https:\/\/naturoterrehappy.fr\/index.php\/wp-json\/wp\/v2\/media?parent=678"}],"wp:term":[{"taxonomy":"category","embeddable":true,"href":"https:\/\/naturoterrehappy.fr\/index.php\/wp-json\/wp\/v2\/categories?post=678"},{"taxonomy":"post_tag","embeddable":true,"href":"https:\/\/naturoterrehappy.fr\/index.php\/wp-json\/wp\/v2\/tags?post=678"}],"curies":[{"name":"wp","href":"https:\/\/api.w.org\/{rel}","templated":true}]}}